{"id":23601,"date":"2021-08-03T13:38:18","date_gmt":"2021-08-03T13:38:18","guid":{"rendered":"https:\/\/datatex.com\/manufacturing-in-new-delhi\/"},"modified":"2025-03-10T10:20:17","modified_gmt":"2025-03-10T10:20:17","slug":"fabrico-em-nova-deli","status":"publish","type":"post","link":"https:\/\/datatex.com\/pt-pt\/fabrico-em-nova-deli\/","title":{"rendered":"Fabrico em Nova Deli"},"content":{"rendered":"<div class=\"fusion-fullwidth fullwidth-box fusion-builder-row-1 nonhundred-percent-fullwidth non-hundred-percent-height-scrolling\" style=\"--awb-border-radius-top-left:0px;--awb-border-radius-top-right:0px;--awb-border-radius-bottom-right:0px;--awb-border-radius-bottom-left:0px;--awb-flex-wrap:wrap;\" ><div class=\"fusion-builder-row fusion-row\"><div class=\"fusion-layout-column fusion_builder_column fusion-builder-column-0 fusion_builder_column_1_1 1_1 fusion-one-full fusion-column-first fusion-column-last\" style=\"--awb-bg-size:cover;\"><div class=\"fusion-column-wrapper fusion-column-has-shadow fusion-flex-column-wrapper-legacy\"><div class=\"fusion-text fusion-text-1\"><p style=\"text-align: left;\"><strong>Em 14 de setembro de 2019, a Datatex<\/strong> participou de um semin\u00e1rio sobre quest\u00f5es relacionadas \u00e0 fabrica\u00e7\u00e3o de jeans, como patrocinadora e apresentadora.<\/p>\n<p style=\"text-align: left;\">O semin\u00e1rio destinava-se a debater os desafios e as principais oportunidades no sector do fabrico de ganga e jeans.<\/p>\n<p>De acordo com um estudo de mercado, o mercado global de ganga gerar\u00e1 130 mil milh\u00f5es de d\u00f3lares americanos at\u00e9 2021 e tem tamb\u00e9m um grande potencial de crescimento na \u00cdndia. Atualmente, a produ\u00e7\u00e3o de tecido de ganga \u00e9 muito elevada na \u00cdndia, mas o seu consumo n\u00e3o \u00e9 t\u00e3o generalizado entre as pessoas. Como o estilo de vida est\u00e1 a mudar muito rapidamente e a popularidade das cal\u00e7as de ganga na \u00cdndia est\u00e1 a aumentar, este pa\u00eds tornar-se-\u00e1 um mercado de vendas muito interessante no futuro pr\u00f3ximo.<\/p>\n<p style=\"text-align: left;\">Com o aumento do fabrico e do consumo de ganga, a ind\u00fastria t\u00eaxtil tamb\u00e9m tem de assegurar a utiliza\u00e7\u00e3o adequada dos recursos pr\u00f3prios, como materiais\/m\u00e1quinas\/trabalhadores, ou dos recursos naturais, como terra ou \u00e1gua.<\/p>\n<p style=\"text-align: left;\">O semin\u00e1rio debateu com \u00eaxito estes temas e a audi\u00eancia, composta por fabricantes de t\u00eaxteis e de vestu\u00e1rio, participou em intensas sess\u00f5es de perguntas e respostas.<\/p>\n<p style=\"text-align: left;\"><strong>O nosso Diretor de Vendas e Marketing na regi\u00e3o APAC, Rahul Mahajan<\/strong>, apresentou a nossa empresa e discutiu os benef\u00edcios que esta pode trazer a uma empresa de fabrico de t\u00eaxteis e vestu\u00e1rio.<\/p>\n<p>A Datatex possui <a href=\"https:\/\/datatex.com\/pt-pt\/portfolio-items\/now-network-oriented-world\/\" target=\"_blank\" rel=\"noopener\"><span style=\"color: #ff6c2f;\"><strong>solu\u00e7\u00f5es ERP especializadas para a ind\u00fastria de vestu\u00e1rio<\/strong><\/span><\/a>, incluindo <a href=\"https:\/\/datatex.com\/pt-pt\/portfolio-items\/planeamento\/\" target=\"_blank\" rel=\"noopener\"><span style=\"color: #ff6c2f;\"><strong>solu\u00e7\u00f5es de planeamento<\/strong><\/span><\/a> (<a href=\"https:\/\/datatex.com\/pt-pt\/portfolio-items\/mcm-gestao-da-capacidade-maquina\/\" target=\"_blank\" rel=\"noopener\"><span style=\"color: #ff6c2f;\"><strong>planeamento de capacidade<\/strong><\/span><\/a> e de<a href=\"https:\/\/datatex.com\/pt-pt\/portfolio-items\/mqm-machine-queue-management\/\" target=\"_blank\" rel=\"noopener\"><span style=\"color: #ff6c2f;\"><strong> m\u00e1quinas<\/strong><\/span><\/a>), <a href=\"https:\/\/datatex.com\/pt-pt\/portfolio-items\/cams-sistema-de-gestao-de-chao-de-fabrica\/\" target=\"_blank\" rel=\"noopener\"><span style=\"color: #ff6c2f;\"><strong>gest\u00e3o de dados de ch\u00e3o de f\u00e1brica<\/strong><\/span><\/a>, <a href=\"https:\/\/datatex.com\/pt-pt\/portfolio-items\/cats-inspecao-de-tecido\/\" target=\"_blank\" rel=\"noopener\"><span style=\"color: #ff6c2f;\"><strong>inspe\u00e7\u00e3o de tecidos e otimiza\u00e7\u00e3o de cortes<\/strong><\/span><\/a>, <a href=\"https:\/\/datatex.com\/pt-pt\/portfolio-items\/pdm-gestao-de-desenvolvimento-de-produto\/\" target=\"_blank\" rel=\"noopener\"><span style=\"color: #ff6c2f;\"><strong>gest\u00e3o do ciclo de vida do produto<\/strong><\/span><\/a> e <a href=\"https:\/\/datatex.com\/pt-pt\/portfolio-items\/business-intelligence\/\" target=\"_blank\" rel=\"noopener\"><span style=\"color: #ff6c2f;\"><strong>solu\u00e7\u00f5es MIS\/ Business Intelligence<\/strong><\/span><\/a> que podem ser utilizadas por fabricantes de jeans e ganga, de modo a utilizar os recursos de forma optimizada e a satisfazer melhor as necessidades dos seus clientes.<\/p>\n<p style=\"text-align: left;\"><a href=\"https:\/\/datatex.com\/pt-pt\/portfolio-items\/now-network-oriented-world\/\" target=\"_blank\" rel=\"noopener\"><span style=\"color: #ff6c2f;\"><strong>A nossa solu\u00e7\u00e3o ERP, com todos os seus m\u00f3dulos relacionados<\/strong><\/span><\/a>, \u00e9 altamente configur\u00e1vel e ajuda os utilizadores a tomar melhores decis\u00f5es sobre todos os problemas de produ\u00e7\u00e3o.<\/p>\n<p style=\"text-align: left;\">A grande vantagem da nossa solu\u00e7\u00e3o \u00e9 a sua facilidade de utiliza\u00e7\u00e3o, que permite a todos, desde os mais experientes aos menos experientes em tecnologia, abordar com sucesso o sistema ERP e tirar partido dele.<\/p>\n<\/div><div class=\"fusion-clearfix\"><\/div><\/div><\/div><\/div><\/div>\n","protected":false},"excerpt":{"rendered":"<p>Em 14 de setembro de 2019, a Datatex participou de um semin\u00e1rio sobre quest\u00f5es de fabrica\u00e7\u00e3o de jeans, como patrocinador e apresentador.<br \/>\nO semin\u00e1rio teve como objetivo deliberar sobre os desafios e as principais oportunidades na fabrica\u00e7\u00e3o de jeans e denim. De acordo com um estudo de mercado, o mercado global de ganga ir\u00e1 gerar 130 mil milh\u00f5es de d\u00f3lares americanos at\u00e9 2021 e tem um grande potencial de crescimento tamb\u00e9m na \u00cdndia.<\/p>\n","protected":false},"author":1,"featured_media":23602,"comment_status":"closed","ping_status":"closed","sticky":false,"template":"","format":"standard","meta":{"two_page_speed":[],"footnotes":""},"categories":[469],"tags":[],"class_list":["post-23601","post","type-post","status-publish","format-standard","has-post-thumbnail","hentry","category-novidades"],"yoast_head":"<!-- This site is optimized with the Yoast SEO plugin v25.1 - https:\/\/yoast.com\/wordpress\/plugins\/seo\/ -->\n<title>Fabrico em Nova Deli | Semin\u00e1rio patrocinado pela Datatex<\/title>\n<meta name=\"description\" content=\"Discutimos os desafios e as principais oportunidades na fabrica\u00e7\u00e3o de jeans semin\u00e1rio realizado em 2019, onde a Datatex foi patrocinadora e apresentadora.\" \/>\n<meta name=\"robots\" content=\"index, follow, max-snippet:-1, max-image-preview:large, max-video-preview:-1\" \/>\n<link rel=\"canonical\" href=\"https:\/\/datatex.com\/pt-pt\/fabrico-em-nova-deli\/\" \/>\n<meta property=\"og:locale\" content=\"pt_PT\" \/>\n<meta property=\"og:type\" content=\"article\" \/>\n<meta property=\"og:title\" content=\"Fabrico em Nova Deli | Semin\u00e1rio patrocinado pela Datatex\" \/>\n<meta property=\"og:description\" content=\"Discutimos os desafios e as principais oportunidades na fabrica\u00e7\u00e3o de jeans semin\u00e1rio realizado em 2019, onde a Datatex foi patrocinadora e apresentadora.\" \/>\n<meta property=\"og:url\" content=\"https:\/\/datatex.com\/pt-pt\/fabrico-em-nova-deli\/\" \/>\n<meta property=\"og:site_name\" content=\"Datatex\" \/>\n<meta property=\"article:published_time\" content=\"2021-08-03T13:38:18+00:00\" \/>\n<meta property=\"article:modified_time\" content=\"2025-03-10T10:20:17+00:00\" \/>\n<meta property=\"og:image\" content=\"https:\/\/datatex.com\/wp-content\/uploads\/2019\/09\/datatex-e1569871217851.jpg\" \/>\n\t<meta property=\"og:image:width\" content=\"720\" \/>\n\t<meta property=\"og:image:height\" content=\"400\" \/>\n\t<meta property=\"og:image:type\" content=\"image\/jpeg\" \/>\n<meta name=\"author\" content=\"Stefano\" \/>\n<meta name=\"twitter:card\" content=\"summary_large_image\" \/>\n<meta name=\"twitter:label1\" content=\"Escrito por\" \/>\n\t<meta name=\"twitter:data1\" content=\"Stefano\" \/>\n\t<meta name=\"twitter:label2\" content=\"Tempo estimado de leitura\" \/>\n\t<meta name=\"twitter:data2\" content=\"2 minutos\" \/>\n<script type=\"application\/ld+json\" class=\"yoast-schema-graph\">{\"@context\":\"https:\/\/schema.org\",\"@graph\":[{\"@type\":\"Article\",\"@id\":\"https:\/\/datatex.com\/pt-pt\/fabrico-em-nova-deli\/#article\",\"isPartOf\":{\"@id\":\"https:\/\/datatex.com\/pt-pt\/fabrico-em-nova-deli\/\"},\"author\":{\"name\":\"Stefano\",\"@id\":\"https:\/\/datatex.com\/pt-pt\/#\/schema\/person\/e3719de2543fb2d6d006df4df3dbd775\"},\"headline\":\"Fabrico em Nova Deli\",\"datePublished\":\"2021-08-03T13:38:18+00:00\",\"dateModified\":\"2025-03-10T10:20:17+00:00\",\"mainEntityOfPage\":{\"@id\":\"https:\/\/datatex.com\/pt-pt\/fabrico-em-nova-deli\/\"},\"wordCount\":1052,\"publisher\":{\"@id\":\"https:\/\/datatex.com\/pt-pt\/#organization\"},\"image\":{\"@id\":\"https:\/\/datatex.com\/pt-pt\/fabrico-em-nova-deli\/#primaryimage\"},\"thumbnailUrl\":\"https:\/\/datatex.com\/wp-content\/uploads\/2019\/09\/datatex-e1569871217851.jpg\",\"articleSection\":[\"Novidades\"],\"inLanguage\":\"pt-PT\"},{\"@type\":\"WebPage\",\"@id\":\"https:\/\/datatex.com\/pt-pt\/fabrico-em-nova-deli\/\",\"url\":\"https:\/\/datatex.com\/pt-pt\/fabrico-em-nova-deli\/\",\"name\":\"Fabrico em Nova Deli | Semin\u00e1rio patrocinado pela Datatex\",\"isPartOf\":{\"@id\":\"https:\/\/datatex.com\/pt-pt\/#website\"},\"primaryImageOfPage\":{\"@id\":\"https:\/\/datatex.com\/pt-pt\/fabrico-em-nova-deli\/#primaryimage\"},\"image\":{\"@id\":\"https:\/\/datatex.com\/pt-pt\/fabrico-em-nova-deli\/#primaryimage\"},\"thumbnailUrl\":\"https:\/\/datatex.com\/wp-content\/uploads\/2019\/09\/datatex-e1569871217851.jpg\",\"datePublished\":\"2021-08-03T13:38:18+00:00\",\"dateModified\":\"2025-03-10T10:20:17+00:00\",\"description\":\"Discutimos os desafios e as principais oportunidades na fabrica\u00e7\u00e3o de jeans semin\u00e1rio realizado em 2019, onde a Datatex foi patrocinadora e apresentadora.\",\"breadcrumb\":{\"@id\":\"https:\/\/datatex.com\/pt-pt\/fabrico-em-nova-deli\/#breadcrumb\"},\"inLanguage\":\"pt-PT\",\"potentialAction\":[{\"@type\":\"ReadAction\",\"target\":[\"https:\/\/datatex.com\/pt-pt\/fabrico-em-nova-deli\/\"]}]},{\"@type\":\"ImageObject\",\"inLanguage\":\"pt-PT\",\"@id\":\"https:\/\/datatex.com\/pt-pt\/fabrico-em-nova-deli\/#primaryimage\",\"url\":\"https:\/\/datatex.com\/wp-content\/uploads\/2019\/09\/datatex-e1569871217851.jpg\",\"contentUrl\":\"https:\/\/datatex.com\/wp-content\/uploads\/2019\/09\/datatex-e1569871217851.jpg\",\"width\":720,\"height\":400,\"caption\":\"Manufacturing in New Delhi | Seminar sponsored by Datatex\"},{\"@type\":\"BreadcrumbList\",\"@id\":\"https:\/\/datatex.com\/pt-pt\/fabrico-em-nova-deli\/#breadcrumb\",\"itemListElement\":[{\"@type\":\"ListItem\",\"position\":1,\"name\":\"Home\",\"item\":\"https:\/\/datatex.com\/pt-pt\/\"},{\"@type\":\"ListItem\",\"position\":2,\"name\":\"Fabrico em Nova Deli\"}]},{\"@type\":\"WebSite\",\"@id\":\"https:\/\/datatex.com\/pt-pt\/#website\",\"url\":\"https:\/\/datatex.com\/pt-pt\/\",\"name\":\"Datatex\",\"description\":\"Datatex: We Make IT Work for You\",\"publisher\":{\"@id\":\"https:\/\/datatex.com\/pt-pt\/#organization\"},\"alternateName\":\"Datatex ERP\",\"potentialAction\":[{\"@type\":\"SearchAction\",\"target\":{\"@type\":\"EntryPoint\",\"urlTemplate\":\"https:\/\/datatex.com\/pt-pt\/?s={search_term_string}\"},\"query-input\":{\"@type\":\"PropertyValueSpecification\",\"valueRequired\":true,\"valueName\":\"search_term_string\"}}],\"inLanguage\":\"pt-PT\"},{\"@type\":\"Organization\",\"@id\":\"https:\/\/datatex.com\/pt-pt\/#organization\",\"name\":\"Datatex - We Make IT Work for You\",\"url\":\"https:\/\/datatex.com\/pt-pt\/\",\"logo\":{\"@type\":\"ImageObject\",\"inLanguage\":\"pt-PT\",\"@id\":\"https:\/\/datatex.com\/pt-pt\/#\/schema\/logo\/image\/\",\"url\":\"https:\/\/datatex.com\/wp-content\/uploads\/2019\/09\/android-chrome-192x192-e1569404708453.png\",\"contentUrl\":\"https:\/\/datatex.com\/wp-content\/uploads\/2019\/09\/android-chrome-192x192-e1569404708453.png\",\"width\":192,\"height\":192,\"caption\":\"Datatex - We Make IT Work for You\"},\"image\":{\"@id\":\"https:\/\/datatex.com\/pt-pt\/#\/schema\/logo\/image\/\"},\"sameAs\":[\"https:\/\/www.linkedin.com\/company\/datatex\/\",\"https:\/\/www.youtube.com\/@datatexERPtextile\"]},{\"@type\":\"Person\",\"@id\":\"https:\/\/datatex.com\/pt-pt\/#\/schema\/person\/e3719de2543fb2d6d006df4df3dbd775\",\"name\":\"Stefano\",\"image\":{\"@type\":\"ImageObject\",\"inLanguage\":\"pt-PT\",\"@id\":\"https:\/\/datatex.com\/pt-pt\/#\/schema\/person\/image\/\",\"url\":\"https:\/\/secure.gravatar.com\/avatar\/3272f6745a0c9ca4a7c138e22ecce3172c6f7c2713508bc3a7c7ed47edbb43b6?s=96&d=mm&r=g\",\"contentUrl\":\"https:\/\/secure.gravatar.com\/avatar\/3272f6745a0c9ca4a7c138e22ecce3172c6f7c2713508bc3a7c7ed47edbb43b6?s=96&d=mm&r=g\",\"caption\":\"Stefano\"}}]}<\/script>\n<!-- \/ Yoast SEO plugin. -->","yoast_head_json":{"title":"Fabrico em Nova Deli | Semin\u00e1rio patrocinado pela Datatex","description":"Discutimos os desafios e as principais oportunidades na fabrica\u00e7\u00e3o de jeans semin\u00e1rio realizado em 2019, onde a Datatex foi patrocinadora e apresentadora.","robots":{"index":"index","follow":"follow","max-snippet":"max-snippet:-1","max-image-preview":"max-image-preview:large","max-video-preview":"max-video-preview:-1"},"canonical":"https:\/\/datatex.com\/pt-pt\/fabrico-em-nova-deli\/","og_locale":"pt_PT","og_type":"article","og_title":"Fabrico em Nova Deli | Semin\u00e1rio patrocinado pela Datatex","og_description":"Discutimos os desafios e as principais oportunidades na fabrica\u00e7\u00e3o de jeans semin\u00e1rio realizado em 2019, onde a Datatex foi patrocinadora e apresentadora.","og_url":"https:\/\/datatex.com\/pt-pt\/fabrico-em-nova-deli\/","og_site_name":"Datatex","article_published_time":"2021-08-03T13:38:18+00:00","article_modified_time":"2025-03-10T10:20:17+00:00","og_image":[{"width":720,"height":400,"url":"https:\/\/datatex.com\/wp-content\/uploads\/2019\/09\/datatex-e1569871217851.jpg","type":"image\/jpeg"}],"author":"Stefano","twitter_card":"summary_large_image","twitter_misc":{"Escrito por":"Stefano","Tempo estimado de leitura":"2 minutos"},"schema":{"@context":"https:\/\/schema.org","@graph":[{"@type":"Article","@id":"https:\/\/datatex.com\/pt-pt\/fabrico-em-nova-deli\/#article","isPartOf":{"@id":"https:\/\/datatex.com\/pt-pt\/fabrico-em-nova-deli\/"},"author":{"name":"Stefano","@id":"https:\/\/datatex.com\/pt-pt\/#\/schema\/person\/e3719de2543fb2d6d006df4df3dbd775"},"headline":"Fabrico em Nova Deli","datePublished":"2021-08-03T13:38:18+00:00","dateModified":"2025-03-10T10:20:17+00:00","mainEntityOfPage":{"@id":"https:\/\/datatex.com\/pt-pt\/fabrico-em-nova-deli\/"},"wordCount":1052,"publisher":{"@id":"https:\/\/datatex.com\/pt-pt\/#organization"},"image":{"@id":"https:\/\/datatex.com\/pt-pt\/fabrico-em-nova-deli\/#primaryimage"},"thumbnailUrl":"https:\/\/datatex.com\/wp-content\/uploads\/2019\/09\/datatex-e1569871217851.jpg","articleSection":["Novidades"],"inLanguage":"pt-PT"},{"@type":"WebPage","@id":"https:\/\/datatex.com\/pt-pt\/fabrico-em-nova-deli\/","url":"https:\/\/datatex.com\/pt-pt\/fabrico-em-nova-deli\/","name":"Fabrico em Nova Deli | Semin\u00e1rio patrocinado pela Datatex","isPartOf":{"@id":"https:\/\/datatex.com\/pt-pt\/#website"},"primaryImageOfPage":{"@id":"https:\/\/datatex.com\/pt-pt\/fabrico-em-nova-deli\/#primaryimage"},"image":{"@id":"https:\/\/datatex.com\/pt-pt\/fabrico-em-nova-deli\/#primaryimage"},"thumbnailUrl":"https:\/\/datatex.com\/wp-content\/uploads\/2019\/09\/datatex-e1569871217851.jpg","datePublished":"2021-08-03T13:38:18+00:00","dateModified":"2025-03-10T10:20:17+00:00","description":"Discutimos os desafios e as principais oportunidades na fabrica\u00e7\u00e3o de jeans semin\u00e1rio realizado em 2019, onde a Datatex foi patrocinadora e apresentadora.","breadcrumb":{"@id":"https:\/\/datatex.com\/pt-pt\/fabrico-em-nova-deli\/#breadcrumb"},"inLanguage":"pt-PT","potentialAction":[{"@type":"ReadAction","target":["https:\/\/datatex.com\/pt-pt\/fabrico-em-nova-deli\/"]}]},{"@type":"ImageObject","inLanguage":"pt-PT","@id":"https:\/\/datatex.com\/pt-pt\/fabrico-em-nova-deli\/#primaryimage","url":"https:\/\/datatex.com\/wp-content\/uploads\/2019\/09\/datatex-e1569871217851.jpg","contentUrl":"https:\/\/datatex.com\/wp-content\/uploads\/2019\/09\/datatex-e1569871217851.jpg","width":720,"height":400,"caption":"Manufacturing in New Delhi | Seminar sponsored by Datatex"},{"@type":"BreadcrumbList","@id":"https:\/\/datatex.com\/pt-pt\/fabrico-em-nova-deli\/#breadcrumb","itemListElement":[{"@type":"ListItem","position":1,"name":"Home","item":"https:\/\/datatex.com\/pt-pt\/"},{"@type":"ListItem","position":2,"name":"Fabrico em Nova Deli"}]},{"@type":"WebSite","@id":"https:\/\/datatex.com\/pt-pt\/#website","url":"https:\/\/datatex.com\/pt-pt\/","name":"Datatex","description":"Datatex: We Make IT Work for You","publisher":{"@id":"https:\/\/datatex.com\/pt-pt\/#organization"},"alternateName":"Datatex ERP","potentialAction":[{"@type":"SearchAction","target":{"@type":"EntryPoint","urlTemplate":"https:\/\/datatex.com\/pt-pt\/?s={search_term_string}"},"query-input":{"@type":"PropertyValueSpecification","valueRequired":true,"valueName":"search_term_string"}}],"inLanguage":"pt-PT"},{"@type":"Organization","@id":"https:\/\/datatex.com\/pt-pt\/#organization","name":"Datatex - We Make IT Work for You","url":"https:\/\/datatex.com\/pt-pt\/","logo":{"@type":"ImageObject","inLanguage":"pt-PT","@id":"https:\/\/datatex.com\/pt-pt\/#\/schema\/logo\/image\/","url":"https:\/\/datatex.com\/wp-content\/uploads\/2019\/09\/android-chrome-192x192-e1569404708453.png","contentUrl":"https:\/\/datatex.com\/wp-content\/uploads\/2019\/09\/android-chrome-192x192-e1569404708453.png","width":192,"height":192,"caption":"Datatex - We Make IT Work for You"},"image":{"@id":"https:\/\/datatex.com\/pt-pt\/#\/schema\/logo\/image\/"},"sameAs":["https:\/\/www.linkedin.com\/company\/datatex\/","https:\/\/www.youtube.com\/@datatexERPtextile"]},{"@type":"Person","@id":"https:\/\/datatex.com\/pt-pt\/#\/schema\/person\/e3719de2543fb2d6d006df4df3dbd775","name":"Stefano","image":{"@type":"ImageObject","inLanguage":"pt-PT","@id":"https:\/\/datatex.com\/pt-pt\/#\/schema\/person\/image\/","url":"https:\/\/secure.gravatar.com\/avatar\/3272f6745a0c9ca4a7c138e22ecce3172c6f7c2713508bc3a7c7ed47edbb43b6?s=96&d=mm&r=g","contentUrl":"https:\/\/secure.gravatar.com\/avatar\/3272f6745a0c9ca4a7c138e22ecce3172c6f7c2713508bc3a7c7ed47edbb43b6?s=96&d=mm&r=g","caption":"Stefano"}}]}},"_links":{"self":[{"href":"https:\/\/datatex.com\/pt-pt\/wp-json\/wp\/v2\/posts\/23601","targetHints":{"allow":["GET"]}}],"collection":[{"href":"https:\/\/datatex.com\/pt-pt\/wp-json\/wp\/v2\/posts"}],"about":[{"href":"https:\/\/datatex.com\/pt-pt\/wp-json\/wp\/v2\/types\/post"}],"author":[{"embeddable":true,"href":"https:\/\/datatex.com\/pt-pt\/wp-json\/wp\/v2\/users\/1"}],"replies":[{"embeddable":true,"href":"https:\/\/datatex.com\/pt-pt\/wp-json\/wp\/v2\/comments?post=23601"}],"version-history":[{"count":4,"href":"https:\/\/datatex.com\/pt-pt\/wp-json\/wp\/v2\/posts\/23601\/revisions"}],"predecessor-version":[{"id":17891964,"href":"https:\/\/datatex.com\/pt-pt\/wp-json\/wp\/v2\/posts\/23601\/revisions\/17891964"}],"wp:featuredmedia":[{"embeddable":true,"href":"https:\/\/datatex.com\/pt-pt\/wp-json\/wp\/v2\/media\/23602"}],"wp:attachment":[{"href":"https:\/\/datatex.com\/pt-pt\/wp-json\/wp\/v2\/media?parent=23601"}],"wp:term":[{"taxonomy":"category","embeddable":true,"href":"https:\/\/datatex.com\/pt-pt\/wp-json\/wp\/v2\/categories?post=23601"},{"taxonomy":"post_tag","embeddable":true,"href":"https:\/\/datatex.com\/pt-pt\/wp-json\/wp\/v2\/tags?post=23601"}],"curies":[{"name":"wp","href":"https:\/\/api.w.org\/{rel}","templated":true}]}}